[{"@context":"https:\/\/schema.org\/","@type":"Article","@id":"https:\/\/www.argania.cz\/vestavena-skrin-jako-prakticky-bytovy-doplnek\/#Article","mainEntityOfPage":"https:\/\/www.argania.cz\/vestavena-skrin-jako-prakticky-bytovy-doplnek\/","headline":"Vestav\u011bn\u00e1 sk\u0159\u00ed\u0148 jako praktick\u00fd bytov\u00fd dopln\u011bk","name":"Vestav\u011bn\u00e1 sk\u0159\u00ed\u0148 jako praktick\u00fd bytov\u00fd dopln\u011bk","description":"Vestav\u011bn\u00e9 sk\u0159\u00edn\u011b se ji\u017e p\u0159ed mnoha lety staly v\u00fdznamn\u00fdm stylov\u00fdm dekorativn\u00edm prvkem a z\u00e1rove\u0148 praktick\u00fdm \u0159e\u0161en\u00edm \u00falo\u017en\u00e9ho prostoru. Zvl\u00e1\u0161t\u011b pokud je um\u00edst\u00edte do prost\u0159ed\u00ed, kter\u00e9 v\u00e1m neukroj\u00ed mnoho m\u00edsta z obytn\u00e9ho prostoru, co\u017e je kup\u0159\u00edkladu v p\u0159eds\u00edni. Vestavba v p\u0159eds\u00edni m\u016f\u017ee pokr\u00fdvat celou st\u011bnu od vchodov\u00fdch dve\u0159\u00ed ke dve\u0159\u00edm vstupn\u00edm do bytu a lze ji [&hellip;]","datePublished":"2025-03-17","dateModified":"2025-03-17","author":{"@type":"Person","@id":"https:\/\/www.argania.cz\/author\/#Person","name":"","url":"https:\/\/www.argania.cz\/author\/","identifier":1,"image":{"@type":"ImageObject","@id":"https:\/\/secure.gravatar.com\/avatar\/b284045843c408c62f17f24f06fc21877cb3f3f5d67c24728f73b54e3c5ca1db?s=96&d=mm&r=g","url":"https:\/\/secure.gravatar.com\/avatar\/b284045843c408c62f17f24f06fc21877cb3f3f5d67c24728f73b54e3c5ca1db?s=96&d=mm&r=g","height":96,"width":96}},"publisher":{"@type":"Organization","name":"argania.cz","logo":{"@type":"ImageObject","@id":"\/logo.png","url":"\/logo.png","width":600,"height":60}},"image":{"@type":"ImageObject","@id":"https:\/\/www.argania.cz\/wp-content\/uploads\/interior-design-7132493_640_10_10.jpg","url":"https:\/\/www.argania.cz\/wp-content\/uploads\/interior-design-7132493_640_10_10.jpg","height":0,"width":0},"url":"https:\/\/www.argania.cz\/vestavena-skrin-jako-prakticky-bytovy-doplnek\/","about":["V\u00fdrobky"],"wordCount":426,"articleBody":"       Vestav\u011bn\u00e9 sk\u0159\u00edn\u011b se ji\u017e p\u0159ed mnoha lety staly v\u00fdznamn\u00fdm stylov\u00fdm dekorativn\u00edm prvkem a z\u00e1rove\u0148 praktick\u00fdm \u0159e\u0161en\u00edm \u00falo\u017en\u00e9ho prostoru. Zvl\u00e1\u0161t\u011b pokud je um\u00edst\u00edte do prost\u0159ed\u00ed, kter\u00e9 v\u00e1m neukroj\u00ed mnoho m\u00edsta z obytn\u00e9ho prostoru, co\u017e je kup\u0159\u00edkladu v p\u0159eds\u00edni. Vestavba v p\u0159eds\u00edni m\u016f\u017ee pokr\u00fdvat celou st\u011bnu od vchodov\u00fdch dve\u0159\u00ed ke dve\u0159\u00edm vstupn\u00edm do bytu a lze ji opat\u0159it dekorativn\u00edmi zrcadly, tvarovan\u00fdmi do k\u0159ivek a rozm\u00edst\u011bn\u00fdmi po cel\u00e9 d\u00e9lce sk\u0159\u00edn\u011b v jej\u00ed st\u0159edn\u00ed \u010d\u00e1sti. Zvol\u00edte-li vhodnou barvu posuvn\u00fdch dve\u0159\u00ed, kter\u00e1 dob\u0159e lad\u00ed s podlahovou krytinou a malbou, bude se v\u00e1m \u0159e\u0161en\u00ed zamlouvat vzhledov\u011b, ale i prakticky. P\u0159edstavte si, \u017ee se m\u00e1te sbalit na dovolenou a m\u00e1te na to necel\u00e9 dv\u011b hodiny.Na podlahu polo\u017e\u00edte sportovn\u00ed ta\u0161ku nebo kufr \u010di batoh a ze sk\u0159\u00edn\u011b na m\u00edru za cenu dle cen\u00edku za\u010dnete vypro\u0161\u0165ovat jednu v\u011bc za druhou \u2013 p\u011bkn\u011b systematicky, reg\u00e1l za reg\u00e1lem \u2013 tri\u010dka, mikiny, kalhoty, bundy, plavky, spodn\u00ed pr\u00e1dlo, \u010depice, obuv na sou\u0161 \u010di do vody \u2013 zkr\u00e1tka b\u011bhem dvaceti minut m\u00e1te hotovo a m\u016f\u017eete si j\u00edt uva\u0159it bylinkov\u00fd \u010daj a dop\u0159\u00e1t si p\u0159ed odjezdem aromaterapeutickou koupel. Kdybyste ale m\u011bli v\u011bci rozm\u00edst\u011bn\u00e9 na deseti m\u00edstech v byt\u011b, obn\u00e1\u0161elo by to pob\u00edh\u00e1n\u00ed sem a tam a \u010dasov\u00e9 zdr\u017een\u00ed, kter\u00e9 by v\u00e1m pak mohlo sch\u00e1zet pro v\u010dasn\u00fd odjezd z domu. M\u016f\u017ee se st\u00e1t, \u017ee u\u017e nestihnete ani \u010daj, ani koupel, a mo\u017en\u00e1 ani ve\u010de\u0159i, co\u017e zv\u00fd\u0161\u00ed v\u00e1\u0161 stres, a na t\u00fddenn\u00ed pobyt mimo domov odcestujete ve sp\u011bchu, co\u017e by pak ve fin\u00e1le mohlo oslabit imunitn\u00ed syst\u00e9m a va\u0161i dovolenou odston\u00e1te. Vestav\u011bn\u00e1 sk\u0159\u00ed\u0148 ov\u0161em nen\u00ed v\u00fdhodn\u00e1 pouze p\u0159ed odjezdem na dovolenou, ocen\u00edte ji i p\u0159i rann\u00edm obl\u00e9k\u00e1n\u00ed, kdy pot\u0159ebujete odej\u00edt na \u010das do zam\u011bstn\u00e1n\u00ed nebo do \u0161koly, a tak\u00e9 v situaci, kdy hled\u00e1te n\u011bjak\u00fd p\u0159edm\u011bt, odlo\u017een\u00fd ve sk\u0159\u00edni, co tak \u010dasto nevyu\u017e\u00edv\u00e1te. M\u00e1te tu toti\u017e v\u0161echno p\u0159i ruce a ulo\u017eeno p\u0159ehledn\u011b, tak\u017ee odpadne slo\u017eit\u00e9 a zdlouhav\u00e9 hled\u00e1n\u00ed va\u0161ich v\u011bc\u00ed.                                                                                                                                                                                                                                                                                                                                                                                           3.9\/5 - (7 votes)        "},{"@context":"https:\/\/schema.org\/","@type":"BreadcrumbList","itemListElement":[{"@type":"ListItem","position":1,"name":"Vestav\u011bn\u00e1 sk\u0159\u00ed\u0148 jako praktick\u00fd bytov\u00fd dopln\u011bk","item":"https:\/\/www.argania.cz\/vestavena-skrin-jako-prakticky-bytovy-doplnek\/#breadcrumbitem"}]}]